{"id":30424,"date":"2017-09-19T13:01:01","date_gmt":"2017-09-19T11:01:01","guid":{"rendered":"https:\/\/alfafara.diputacionalicante.es\/?p=30424"},"modified":"2019-05-13T08:36:26","modified_gmt":"2019-05-13T06:36:26","slug":"tragsa-neteja-el-barranc-de-lassut-per-evitar-embossaments-per-fortes-pluges","status":"publish","type":"post","link":"https:\/\/www.alfafara.es\/es\/tragsa-neteja-el-barranc-de-lassut-per-evitar-embossaments-per-fortes-pluges\/","title":{"rendered":"Tragsa neteja el barranc de l\u2019Assut per evitar embossaments per fortes pluges"},"content":{"rendered":"<p>Operaris de Tragsa estan desenvolupant un pla de neteja en una part del barranc de l\u2019Assut d\u2019Alfafara per evitar embossaments en el riu que passa per aquesta vessant a causa de les fortes pluges que es puguen produir en la propera tardor o en l\u2019hivern.<\/p>\n<p><img loading=\"lazy\" decoding=\"async\" class=\"wp-image-30425 size-thumbnail alignleft\" src=\"https:\/\/alfafara.es\/wp-content\/uploads\/2019\/05\/Neteja-barranc-Assut-Alfafara_3-150x150.jpg\" alt=\"Neteja-barranc-Assut-Alfafara\" width=\"150\" height=\"150\" \/>Els temporals de vent i pluja i les nevades registrades al terme municipal a principis d\u2019aquest any van produir que caigueren\u00a0rames i troncs dels arbres a aquest barranc. Aix\u00ed mateix, es van registrar desprendiments de pedres. En aquells moments, des del propi Ajuntament ja es van desenvolupar treballs per eliminar aquestos obstacles.<\/p>\n<p>Ara, els especialistes, amb ajuda de la maquin\u00e0ria, estaran fins dem\u00e0 llevant m\u00e9s troncs i les pedres que podien obstruir el pas del riu. Es tracta d\u2019una mesura de prevenci\u00f3 per evitar problemes en aquest entorn natural per intenses precipitacions.<\/p>\n<p>L\u2019Ajuntament, per altra part, ha demanat a la Generalitat que es puga seguir netejant m\u00e9s trams per on passa aquest riu fins arribar al Pantanet aix\u00ed com el barranc de Falses.<\/p>\n","protected":false},"excerpt":{"rendered":"<p>Operaris de Tragsa estan desenvolupant un pla de neteja en una part del barranc de l\u2019Assut d\u2019Alfafara per evitar embossaments en el riu que passa per aquesta vessant a causa de les fortes pluges que es puguen produir en la propera tardor o en l\u2019hivern. Els temporals de vent i pluja i les nevades registrades [&hellip;]<\/p>\n","protected":false},"author":1,"featured_media":0,"comment_status":"closed","ping_status":"open","sticky":false,"template":"","format":"standard","meta":{"footnotes":""},"categories":[22],"tags":[],"class_list":["post-30424","post","type-post","status-publish","format-standard","hentry","category-noticies"],"_links":{"self":[{"href":"https:\/\/www.alfafara.es\/es\/wp-json\/wp\/v2\/posts\/30424","targetHints":{"allow":["GET"]}}],"collection":[{"href":"https:\/\/www.alfafara.es\/es\/wp-json\/wp\/v2\/posts"}],"about":[{"href":"https:\/\/www.alfafara.es\/es\/wp-json\/wp\/v2\/types\/post"}],"author":[{"embeddable":true,"href":"https:\/\/www.alfafara.es\/es\/wp-json\/wp\/v2\/users\/1"}],"replies":[{"embeddable":true,"href":"https:\/\/www.alfafara.es\/es\/wp-json\/wp\/v2\/comments?post=30424"}],"version-history":[{"count":1,"href":"https:\/\/www.alfafara.es\/es\/wp-json\/wp\/v2\/posts\/30424\/revisions"}],"predecessor-version":[{"id":30428,"href":"https:\/\/www.alfafara.es\/es\/wp-json\/wp\/v2\/posts\/30424\/revisions\/30428"}],"wp:attachment":[{"href":"https:\/\/www.alfafara.es\/es\/wp-json\/wp\/v2\/media?parent=30424"}],"wp:term":[{"taxonomy":"category","embeddable":true,"href":"https:\/\/www.alfafara.es\/es\/wp-json\/wp\/v2\/categories?post=30424"},{"taxonomy":"post_tag","embeddable":true,"href":"https:\/\/www.alfafara.es\/es\/wp-json\/wp\/v2\/tags?post=30424"}],"curies":[{"name":"wp","href":"https:\/\/api.w.org\/{rel}","templated":true}]}}