{"id":30433,"date":"2017-12-14T13:07:04","date_gmt":"2017-12-14T12:07:04","guid":{"rendered":"https:\/\/alfafara.diputacionalicante.es\/?p=30433"},"modified":"2019-05-10T13:12:12","modified_gmt":"2019-05-10T11:12:12","slug":"presentacio-del-cartell-de-nadal-2017-ajuntament-d-alfafara","status":"publish","type":"post","link":"https:\/\/www.alfafara.es\/es\/presentacio-del-cartell-de-nadal-2017-ajuntament-d-alfafara\/","title":{"rendered":"Presentaci\u00f3 del cartell de nadal 2017 | Ajuntament d\u2019 Alfafara"},"content":{"rendered":"<p><img loading=\"lazy\" decoding=\"async\" class=\"alignnone  wp-image-30434\" src=\"https:\/\/alfafara.es\/wp-content\/uploads\/2019\/05\/Cartell-Cavalcada-Alfafara_Mariola-Belda.jpg\" alt=\"Cartell-Cavalcada-Alfafara_Mariola-Belda\" width=\"337\" height=\"471\" srcset=\"https:\/\/www.alfafara.es\/wp-content\/uploads\/2019\/05\/Cartell-Cavalcada-Alfafara_Mariola-Belda.jpg 1143w, https:\/\/www.alfafara.es\/wp-content\/uploads\/2019\/05\/Cartell-Cavalcada-Alfafara_Mariola-Belda-214x300.jpg 214w, https:\/\/www.alfafara.es\/wp-content\/uploads\/2019\/05\/Cartell-Cavalcada-Alfafara_Mariola-Belda-768x1074.jpg 768w, https:\/\/www.alfafara.es\/wp-content\/uploads\/2019\/05\/Cartell-Cavalcada-Alfafara_Mariola-Belda-732x1024.jpg 732w, https:\/\/www.alfafara.es\/wp-content\/uploads\/2019\/05\/Cartell-Cavalcada-Alfafara_Mariola-Belda-1080x1511.jpg 1080w\" sizes=\"auto, (max-width: 337px) 100vw, 337px\" \/><\/p>\n<h2>Cavalcada dels Reis d\u2019Orient a Alfafara 2017<\/h2>\n<p>Alfafara ha donat la benvinguda al Nadal amb el descobriment del cartell que anuncia la Cavalcada dels Reis d\u2019Orient 2018, obra de l\u2019alfafarenca Mariola Belda Pascual. L\u2019artista va ser l\u2019encarregada de donar a con\u00e8ixer la il\u00b7lustraci\u00f3, que ja llu\u00efx en la fa\u00e7ana de l\u2019Ajuntament, en un acte celebrat el passat diumenge a la pla\u00e7a d\u2019Espanya.<\/p>\n<p>L\u2019estrena de la portada de la festa de Reis va marcar l\u2019inici a una programaci\u00f3, organitzada pel col\u00b7lectiu Amics dels Reis d\u2019Orient d\u2019Alfafara amb la col\u00b7laboraci\u00f3 de l\u2019Ajuntament, que seguir\u00e0 el diumenge 24 de desembre quan s\u2019oferir\u00e0 un berenar a les xiquetes i als xiquets del poble en el centre social abans que comencen el tradicional \u201caguinaldo\u201d.<\/p>\n<p>El 30 de desembre, la dona dels nassos visitar\u00e0 Alfafara per demanar ajuda als seus ve\u00efns per a trobar els nassos que ha anat perdent al llarg d\u2019aquest any. Aquesta divertida activitat <img loading=\"lazy\" decoding=\"async\" class=\"wp-image-30437 size-thumbnail alignright\" src=\"https:\/\/alfafara.es\/wp-content\/uploads\/2019\/05\/Descobriment-cartell-Cavalcada-Alfafara_2-150x150.jpg\" alt=\"Descobriment-cartell-Cavalcada-Alfafara\" width=\"150\" height=\"150\" \/>ser\u00e0 el preludi als dies grans de la festa de \u00a0Reis, ja que el poble rebr\u00e0 l\u20191 de gener, a les 13 hores, a l\u2019Ambaixador Reial que anir\u00e0 al Patronat per arreplegar les cartes plenes de peticions que faran menuts i grans per a Melcior, Gaspar i Baltasar. Dos dies despr\u00e9s, el 3 de gener, a les 18.30 hores, emissaris reials arribaran al Patronat per donar en m\u00e0 les contestacions de Ses Majestats als remitents de les missives.<\/p>\n<p>I el 5 de gener, les alfafarenques i els alfafarencs es concentraran a les 19 hores en la carretera per donar la benvinguda als Reis Mags i acompanyar-los en la Cavalcada fins al Patronat on els il\u00b7lustres visitants faran l\u2019Adoraci\u00f3 al Jesuset. A continuaci\u00f3n, i amb l\u2019ajuda dels patges, repartiran els regals per totes les cases d\u2019aquest municipi del Comtat.<\/p>\n","protected":false},"excerpt":{"rendered":"<p>Cavalcada dels Reis d\u2019Orient a Alfafara 2017 Alfafara ha donat la benvinguda al Nadal amb el descobriment del cartell que anuncia la Cavalcada dels Reis d\u2019Orient 2018, obra de l\u2019alfafarenca Mariola Belda Pascual. L\u2019artista va ser l\u2019encarregada de donar a con\u00e8ixer la il\u00b7lustraci\u00f3, que ja llu\u00efx en la fa\u00e7ana de l\u2019Ajuntament, en un acte celebrat [&hellip;]<\/p>\n","protected":false},"author":1,"featured_media":30434,"comment_status":"closed","ping_status":"open","sticky":false,"template":"","format":"standard","meta":{"footnotes":""},"categories":[22,25],"tags":[],"class_list":["post-30433","post","type-post","status-publish","format-standard","has-post-thumbnail","hentry","category-noticies","category-noticies-festes"],"_links":{"self":[{"href":"https:\/\/www.alfafara.es\/es\/wp-json\/wp\/v2\/posts\/30433","targetHints":{"allow":["GET"]}}],"collection":[{"href":"https:\/\/www.alfafara.es\/es\/wp-json\/wp\/v2\/posts"}],"about":[{"href":"https:\/\/www.alfafara.es\/es\/wp-json\/wp\/v2\/types\/post"}],"author":[{"embeddable":true,"href":"https:\/\/www.alfafara.es\/es\/wp-json\/wp\/v2\/users\/1"}],"replies":[{"embeddable":true,"href":"https:\/\/www.alfafara.es\/es\/wp-json\/wp\/v2\/comments?post=30433"}],"version-history":[{"count":1,"href":"https:\/\/www.alfafara.es\/es\/wp-json\/wp\/v2\/posts\/30433\/revisions"}],"predecessor-version":[{"id":30440,"href":"https:\/\/www.alfafara.es\/es\/wp-json\/wp\/v2\/posts\/30433\/revisions\/30440"}],"wp:featuredmedia":[{"embeddable":true,"href":"https:\/\/www.alfafara.es\/es\/wp-json\/wp\/v2\/media\/30434"}],"wp:attachment":[{"href":"https:\/\/www.alfafara.es\/es\/wp-json\/wp\/v2\/media?parent=30433"}],"wp:term":[{"taxonomy":"category","embeddable":true,"href":"https:\/\/www.alfafara.es\/es\/wp-json\/wp\/v2\/categories?post=30433"},{"taxonomy":"post_tag","embeddable":true,"href":"https:\/\/www.alfafara.es\/es\/wp-json\/wp\/v2\/tags?post=30433"}],"curies":[{"name":"wp","href":"https:\/\/api.w.org\/{rel}","templated":true}]}}