{"id":32418,"date":"2021-01-07T19:10:18","date_gmt":"2021-01-07T18:10:18","guid":{"rendered":"https:\/\/www.alfafara.es\/?p=32418"},"modified":"2021-01-09T19:13:55","modified_gmt":"2021-01-09T18:13:55","slug":"el-temple-parroquial-dalfafara-estara-tancat-al-culte-public-des-del-9-al-19-de-gener-de-2021","status":"publish","type":"post","link":"https:\/\/www.alfafara.es\/es\/el-temple-parroquial-dalfafara-estara-tancat-al-culte-public-des-del-9-al-19-de-gener-de-2021\/","title":{"rendered":"El Temple Parroquial d&#8217;Alfafara estar\u00e0 tancat al culte p\u00fablic des del 9 al 19 de gener de 2021"},"content":{"rendered":"<p><strong>PARR\u00d2QUIA TRANSFIGURACI\u00d3 DEL SENYOR \u2013 ALFAFARA<\/strong><\/p>\n<p>Degut a l\u2019augment de casos positius per COVID-19 al nostre poble, en col\u2022laboraci\u00f3 amb el M.I. Ajuntament d\u2019Alfafara i complint amb el deure cristi\u00e0 de cuidar tota vida humana la Parr\u00f2quia comunica:<\/p>\n<p><strong>-Que el Temple Parroquial estar\u00e0 tancat al culte p\u00fablic des del 9 al 19 de gener de 2021.<\/strong><\/p>\n<p>No obstant els sacerdots de la parr\u00f2quia continuarem pregant per tot el poble i celebrant l\u2019Eucaristia en l\u2019horari acostumat (Dissabte 19h, Diumenge 11h i Dimecres i Divendres 18h) a porta tancada, oferint-la per tots els contagiats, pel personal sanitari i pel fi d\u2019aquesta pand\u00e8mia que estem atravessant.<\/p>\n<p>A l\u2019inici de cada celebraci\u00f3 es far\u00e0 un VOLTEIG DE CAMPANES.<\/p>\n<p>Demanem a tot el poble cristi\u00e0 d\u2019Alfafara que des dels seus domicilis s\u2019unisquen a la celebraci\u00f3 de la Santa Missa i eleven les seues oracions al Div\u00ed Salvador, a la Mare de D\u00e9u de la Llum i a Santa Cecilia demanant el fi d\u2019aquesta situaci\u00f3 que ens toca viure i tamb\u00e9 a tots prud\u00e8ncia i responsabilitat.<\/p>\n<p>Quedem a la vostra disposici\u00f3 per a tot el necessari.<\/p>\n<p>El Consell Pastoral i els vostres sacerdots.<\/p>\n","protected":false},"excerpt":{"rendered":"<p>PARR\u00d2QUIA TRANSFIGURACI\u00d3 DEL SENYOR \u2013 ALFAFARA Degut a l\u2019augment de casos positius per COVID-19 al nostre poble, en col\u2022laboraci\u00f3 amb el M.I. Ajuntament d\u2019Alfafara i complint amb el deure cristi\u00e0 de cuidar tota vida humana la Parr\u00f2quia comunica: -Que el Temple Parroquial estar\u00e0 tancat al culte p\u00fablic des del 9 al 19 de gener de [&hellip;]<\/p>\n","protected":false},"author":3,"featured_media":31486,"comment_status":"closed","ping_status":"open","sticky":false,"template":"","format":"standard","meta":{"footnotes":""},"categories":[24],"tags":[],"class_list":["post-32418","post","type-post","status-publish","format-standard","has-post-thumbnail","hentry","category-destacades"],"_links":{"self":[{"href":"https:\/\/www.alfafara.es\/es\/wp-json\/wp\/v2\/posts\/32418","targetHints":{"allow":["GET"]}}],"collection":[{"href":"https:\/\/www.alfafara.es\/es\/wp-json\/wp\/v2\/posts"}],"about":[{"href":"https:\/\/www.alfafara.es\/es\/wp-json\/wp\/v2\/types\/post"}],"author":[{"embeddable":true,"href":"https:\/\/www.alfafara.es\/es\/wp-json\/wp\/v2\/users\/3"}],"replies":[{"embeddable":true,"href":"https:\/\/www.alfafara.es\/es\/wp-json\/wp\/v2\/comments?post=32418"}],"version-history":[{"count":1,"href":"https:\/\/www.alfafara.es\/es\/wp-json\/wp\/v2\/posts\/32418\/revisions"}],"predecessor-version":[{"id":32419,"href":"https:\/\/www.alfafara.es\/es\/wp-json\/wp\/v2\/posts\/32418\/revisions\/32419"}],"wp:featuredmedia":[{"embeddable":true,"href":"https:\/\/www.alfafara.es\/es\/wp-json\/wp\/v2\/media\/31486"}],"wp:attachment":[{"href":"https:\/\/www.alfafara.es\/es\/wp-json\/wp\/v2\/media?parent=32418"}],"wp:term":[{"taxonomy":"category","embeddable":true,"href":"https:\/\/www.alfafara.es\/es\/wp-json\/wp\/v2\/categories?post=32418"},{"taxonomy":"post_tag","embeddable":true,"href":"https:\/\/www.alfafara.es\/es\/wp-json\/wp\/v2\/tags?post=32418"}],"curies":[{"name":"wp","href":"https:\/\/api.w.org\/{rel}","templated":true}]}}